{"id":1183,"count":1,"description":"","link":"https:\/\/inclusivecourts.pt\/en\/tag\/a-nossa-religiao-e-a-nossa-raca\/","name":"\u201cA Nossa Religi\u00e3o \u00e9 a Nossa Ra\u00e7a\u201d","slug":"a-nossa-religiao-e-a-nossa-raca","taxonomy":"post_tag","meta":[],"_links":{"self":[{"href":"https:\/\/inclusivecourts.pt\/en\/wp-json\/wp\/v2\/tags\/1183","targetHints":{"allow":["GET"]}}],"collection":[{"href":"https:\/\/inclusivecourts.pt\/en\/wp-json\/wp\/v2\/tags"}],"about":[{"href":"https:\/\/inclusivecourts.pt\/en\/wp-json\/wp\/v2\/taxonomies\/post_tag"}],"wp:post_type":[{"href":"https:\/\/inclusivecourts.pt\/en\/wp-json\/wp\/v2\/posts?tags=1183"}],"curies":[{"name":"wp","href":"https:\/\/api.w.org\/{rel}","templated":true}]}}